{"id":1817,"date":"2019-04-08T11:48:18","date_gmt":"2019-04-08T09:48:18","guid":{"rendered":"http:\/\/staminawebs.com\/wordpress\/?p=1817\/"},"modified":"2024-07-03T16:21:32","modified_gmt":"2024-07-03T14:21:32","slug":"consequences-pour-la-presentation-hors-delai-date-limite-de-declarations-de-revenus-ii","status":"publish","type":"post","link":"https:\/\/porcel.legal\/fr\/blog\/consequences-pour-la-presentation-hors-delai-date-limite-de-declarations-de-revenus-ii\/","title":{"rendered":"Cons\u00e9quences pour la pr\u00e9sentation hors d\u00e9lai (date limite) de d\u00e9clarations de revenus II"},"content":{"rendered":"\n<p style=\"text-align: justify;\">Tout d\u2019abord, ces d\u00e9clarations sont communes dans les cas o\u00f9 le contribuable d\u00e9p\u00f4t jusqu&rsquo;\u00e0 tenu de l\u2019administration fiscale (autrement dit&nbsp;: le contribuable d\u00e9clare avant que l\u2019Office d\u2019imp\u00f4t)&nbsp;se rendre compte qu\u2019il n\u2019a pas d\u00e9clar\u00e9 et n\u00e9cessaires pour le rendre).<\/p>\n<p style=\"text-align: justify;\">Dans ces cas, iL a quelques suppl\u00e9ments dits \u00ab frais de pr\u00e9matur\u00e9e \u00bb et qu\u2019ils sont ceux qui fixent el <a href=\"https:\/\/www.boe.es\/buscar\/act.php?id=BOE-A-2003-23186\" rel=\"nofollow noopener\" target=\"_blank\">Articulo 27 de la Ley General Tributaria.<\/a><\/p>\n<table style=\"height: 209px;\" width=\"834\">\n<tbody>\n<tr>\n<td width=\"219\"><strong>Concept<\/strong><\/td>\n<td width=\"224\"><strong>En suppl\u00e9ment<\/strong><\/td>\n<\/tr>\n<tr>\n<td width=\"219\">Jusqu&rsquo;\u00e0 3 mois<\/td>\n<td width=\"224\">5 %<\/td>\n<\/tr>\n<tr>\n<td width=\"219\">Jusqu&rsquo;\u00e0 6 mois<\/td>\n<td width=\"224\">10 %<\/td>\n<\/tr>\n<tr>\n<td width=\"219\">Jusqu&rsquo;\u00e0 12 mois<\/td>\n<td width=\"224\">15 %<\/td>\n<\/tr>\n<tr>\n<td width=\"219\">Plus de 12 mois<\/td>\n<td width=\"224\">participation de 20 % (* 1)<\/td>\n<\/tr>\n<\/tbody>\n<\/table>\n<p style=\"text-align: justify;\">* 1.&nbsp;Des retards allant jusqu&rsquo;\u00e0 12 mois int\u00e9r\u00eats ne s\u2019appliquent pas.&nbsp;Retards de plus de 12 mois s\u2019applique aux &nbsp;frais suppl\u00e9mentaires, plus les int\u00e9r\u00eats calcul\u00e9s au cours des 12 mois.<\/p>\n<p style=\"text-align: justify;\"><strong>Note<\/strong><strong>&nbsp;<\/strong>: ces frais sont r\u00e9duits de 25 % chaque fois que vous entrez la dette fiscale et le montant restant de la surtaxe.<\/p>\n<h3 style=\"text-align: justify;\"><strong>Les exigences<\/strong><\/h3>\n<ul style=\"text-align: justify;\">\n<li>La d\u00e9claration ou l\u2019auto-liquidation est faite en dehors de la p\u00e9riode pr\u00e9vue dans la l\u00e9gislation de chaque taxe.<\/li>\n<li>Le r\u00e9sultat de l\u2019auto-liquidation ou la liquidation r\u00e9sultante de la d\u00e9claration, \u00e0 l\u2019entr\u00e9e, ou vous remboursez un retour.<\/li>\n<li>Qui n\u2019a pas arbitr\u00e9 pr\u00e9alable par l\u2019Administration, ce qui incite le d\u00e9p\u00f4t de la d\u00e9claration ou de la r\u00e9f\u00e9rence auto-liquidation.<\/li>\n<li>On consid\u00e8re frais de pr\u00e9matur\u00e9e toute action r\u00e9alis\u00e9e avec connaissance formelle du contribuable, propice \u00e0 la reconnaissance, la r\u00e9gularisation, la v\u00e9rification, l\u2019inspection, r\u00e8glement de dettes de taxe ou de l\u2019assurance.<\/li>\n<li>Cet examen est une communication informative con\u00e7ue pour faciliter l\u2019observation volontaire des obligations fiscales, mais sans obligation ni formalit\u00e9s requises pour les exigences pour le contribuable.<\/li>\n<li>L\u2019auto-liquidation doit identifier express\u00e9ment la p\u00e9riode de r\u00e8glement fiscal qui d\u00e9signe.<\/li>\n<li>Que l\u2019auto-liquidation contienne seulement les donn\u00e9es relatives \u00e0 la p\u00e9riode qui concerne.<\/li>\n<\/ul>\n<h3 style=\"text-align: justify;\"><strong>&nbsp;Cons\u00e9quences<\/strong><\/h3>\n<ul style=\"text-align: justify;\">\n<li>La date limite de soumission pour une instruction ou auto-liquidation, implique l\u2019application de la surtaxe de le&nbsp;<a href=\"http:\/\/legislacion.ineaf.es\/documentacion\/legislacion\/Estatal\/Ley\/Ley+ordenamiento+tributario+18-12-2003.pdf#page=18\" rel=\"nofollow noopener\" target=\"_blank\">article 27 LGT<\/a>et l\u2019exclusion des p\u00e9nalit\u00e9s qui auraient \u00e9t\u00e9 n\u00e9cessaires.<\/li>\n<li>La pr\u00e9sentation tardive d\u2019une d\u00e9claration ou auto-liquidation, qui n&rsquo;est pas d\u2019accord avec les prescriptions ci-dessus, ne conduit \u00e0 l\u2019application de ce syst\u00e8me de surtaxes, mais, le cas \u00e9ch\u00e9ant, l\u2019application de la sanction qui est appropri\u00e9e. Pour savoir plus, lisez ici.<\/li>\n<\/ul>\n<h3 style=\"text-align: justify;\"><strong>Calcul de la surtaxe<\/strong><\/h3>\n<h4 style=\"text-align: justify;\"><strong>Base de<\/strong><\/h4>\n<p style=\"text-align: justify;\">Le montant du suppl\u00e9ment est calcul\u00e9 en appliquant le pourcentage qui est sur l\u2019ampleur appropri\u00e9e&nbsp;:<\/p>\n<ul style=\"text-align: justify;\">\n<li>Le montant \u00e0 inscrire \u00e0 ce qui a entra\u00een\u00e9 les auto\u00e9valuations pr\u00e9matur\u00e9es.<\/li>\n<li>Le montant du r\u00e8glement pour les d\u00e9clarations inopportunes.<\/li>\n<\/ul>\n<h4 style=\"text-align: justify;\"><strong>Calcul<\/strong><\/h4>\n<ul style=\"text-align: justify;\">\n<li>La surtaxe est qu&rsquo;un pourcentage variable selon le temps \u00e9coul\u00e9 depuis l\u2019expiration du d\u00e9lai fix\u00e9 par la norme de chaque taxe, pour la pr\u00e9sentation de la d\u00e9claration ou l\u2019auto-liquidation, jusqu&rsquo;\u00e0 la date de sa pr\u00e9sentation.<\/li>\n<li>En cas de remboursement de retour ind\u00fbment obtenu, moyennant la pr\u00e9sentation d\u2019auto-liquidation suppl\u00e9mentaire, le terme pour la d\u00e9termination de la surtaxe applicable sera calcul\u00e9 \u00e0 partir de la date de la d\u00e9claration jusqu&rsquo;\u00e0 la date de pr\u00e9sentation de la&nbsp;auto-liquidation retournant la somme obtenue injustement.<\/li>\n<li>Si la r\u00e9gularisation n&rsquo;est pas seulement du le remboursement int\u00e9gral de la d\u00e9claration, mais en outre un montant \u00e0 n&rsquo;inscrire pas effectu\u00e9e \u00e0 terme, il y auraient deux surcharges diff\u00e9rentes &nbsp;:<\/li>\n<li>Un sur le retour en vue de r\u00e9tablir le retard de la date de calcul.<\/li>\n<li>Un autre sur le montant \u00e0 inscrire, calcul\u00e9 par le retard depuis l\u2019expiration du d\u00e9lai fix\u00e9 par la norme de chaque hommage pour la pr\u00e9sentation de l\u2019auto-liquidation.<\/li>\n<\/ul>\n<p style=\"text-align: justify;\">Le calcul des mois va se faire de jour \u00e0 &nbsp;jour et s\u2019il n\u2019y a pas de jour \u00e9quivalent \u00e0 celui qui commence le calcul dans le mois d\u2019expiration, alors signifie que le terme expire le dernier jour du mois.<\/p>\n<h3 style=\"text-align: justify;\"><strong>Il y a lieu en suppl\u00e9ment<\/strong><\/h3>\n<p style=\"text-align: justify;\"><strong>Pr\u00e9sentation dans les 12 mois<\/strong><strong>&nbsp;<\/strong>\u00e0 la fin de la p\u00e9riode pr\u00e9vue pour la pr\u00e9sentation&nbsp;:<\/p>\n<ul style=\"text-align: justify;\">\n<li><strong>Moins de 3 mois&nbsp;: 5%<\/strong><\/li>\n<li><strong>Entre 3 et 06:00 %<\/strong><\/li>\n<li><strong>Entre 6 et 12:00 %<\/strong><\/li>\n<li><strong>Sans d\u00e9clarer sans d\u00e9lai, il n\u2019y a aucune sanction.<\/strong><\/li>\n<\/ul>\n<p style=\"text-align: justify;\"><strong>Pr\u00e9sentation une fois 12 mois<\/strong><strong>&nbsp;<\/strong>depuis la fin de la p\u00e9riode pr\u00e9vue pour la pr\u00e9sentation&nbsp;:<\/p>\n<ul style=\"text-align: justify;\">\n<li><strong>G\u00e9n\u00e9ral de 20 %.<\/strong><\/li>\n<li>Avec int\u00e9r\u00eat&nbsp;: sera calcul\u00e9e pour la p\u00e9riode&nbsp;<strong>d\u00e8s le lendemain de la fin des 12 mois jusqu\u2019au moment o\u00f9 l\u2019auto-liquidation ou la d\u00e9claration a \u00e9t\u00e9 d\u00e9pos\u00e9e.<\/strong><\/li>\n<li><strong>Sans des sanctions.<\/strong><\/li>\n<\/ul>\n<p style=\"text-align: justify;\"><strong>AVIS: Celui est un article qui a information g\u00e9n\u00e9rale et, il peut \u00eatre que dans votre cas en particulier il ait des certaines particularit\u00e9s qui doivent \u00eatre \u00e9tudi\u00e9s seulement pour votre cas. Veuillez noter que, pour r\u00e9diger cet article, on a utilis\u00e9 la l\u00e9gislation applicable de ce moment, et peut-\u00eatre elle a chang\u00e9 dans certaines questions. On vous recommande de consulter toujours sur votre cas en particulier avec votre avocat.<\/strong><\/p>\n<p style=\"text-align: justify;\">Lire<a href=\"https:\/\/porcel.legal\/fr\/cabinet-davocats-et-conseillers-juridiques-a-la-costa-brava\/\"> ici<\/a> pour en savoir plus sur les imp\u00f4ts en Espagne&nbsp;:<\/p>\n<ul style=\"text-align: justify;\">\n<li><a href=\"https:\/\/porcel.legal\/fr\/consequences-pour-la-presentation-hors-delai-date-limite-de-declarations-de-revenus-i\/\">Information g\u00e9n\u00e9rale&nbsp;: Cons\u00e9quences pour la pr\u00e9sentation hors d\u00e9lai (date limite) de d\u00e9clarations de revenus.<\/a><\/li>\n<li><a href=\"https:\/\/porcel.legal\/fr\/consequences-pour-la-presentation-hors-delai-date-limite-de-declarations-de-revenus-iii\/\">D\u00e9clarations fiscales avec mise en demeure de l&rsquo;Administration Fiscale.<\/a><\/li>\n<\/ul>\n<p style=\"text-align: justify;\">Pour convenir d\u2019un rendez-vous, cliquez <a href=\"https:\/\/porcel.legal\/fr\/contacte\/\">ici<\/a><\/p>\n","protected":false},"excerpt":{"rendered":"","protected":false},"author":1,"featured_media":5608,"comment_status":"closed","ping_status":"closed","sticky":false,"template":"","format":"standard","meta":{"inline_featured_image":false,"footnotes":""},"categories":[78],"tags":[],"class_list":["post-1817","post","type-post","status-publish","format-standard","has-post-thumbnail","hentry","category-impots-en-espagne"],"_links":{"self":[{"href":"https:\/\/porcel.legal\/fr\/wp-json\/wp\/v2\/posts\/1817","targetHints":{"allow":["GET"]}}],"collection":[{"href":"https:\/\/porcel.legal\/fr\/wp-json\/wp\/v2\/posts"}],"about":[{"href":"https:\/\/porcel.legal\/fr\/wp-json\/wp\/v2\/types\/post"}],"author":[{"embeddable":true,"href":"https:\/\/porcel.legal\/fr\/wp-json\/wp\/v2\/users\/1"}],"replies":[{"embeddable":true,"href":"https:\/\/porcel.legal\/fr\/wp-json\/wp\/v2\/comments?post=1817"}],"version-history":[{"count":1,"href":"https:\/\/porcel.legal\/fr\/wp-json\/wp\/v2\/posts\/1817\/revisions"}],"predecessor-version":[{"id":14332,"href":"https:\/\/porcel.legal\/fr\/wp-json\/wp\/v2\/posts\/1817\/revisions\/14332"}],"wp:featuredmedia":[{"embeddable":true,"href":"https:\/\/porcel.legal\/fr\/wp-json\/wp\/v2\/media\/5608"}],"wp:attachment":[{"href":"https:\/\/porcel.legal\/fr\/wp-json\/wp\/v2\/media?parent=1817"}],"wp:term":[{"taxonomy":"category","embeddable":true,"href":"https:\/\/porcel.legal\/fr\/wp-json\/wp\/v2\/categories?post=1817"},{"taxonomy":"post_tag","embeddable":true,"href":"https:\/\/porcel.legal\/fr\/wp-json\/wp\/v2\/tags?post=1817"}],"curies":[{"name":"wp","href":"https:\/\/api.w.org\/{rel}","templated":true}]}}