{"id":7567,"date":"2021-11-08T13:10:34","date_gmt":"2021-11-08T12:10:34","guid":{"rendered":"http:\/\/staminawebs.com\/wordpress\/?p=7567"},"modified":"2024-07-03T16:21:47","modified_gmt":"2024-07-03T14:21:47","slug":"desahucios-personas-vulnerable","status":"publish","type":"post","link":"https:\/\/porcel.legal\/es\/blog\/desahucios-personas-vulnerable\/","title":{"rendered":"El Gobierno ampl\u00eda la suspensi\u00f3n de desahucios para personas vulnerables hasta el 28 de febrero de 2022"},"content":{"rendered":"\n\n\n<p>El gobierno espa\u00f1ol aprob\u00f3 una serie de medidas legales mediante decreto ley con la finalidad de ampliar la <strong>suspensi\u00f3n de desahucios para hogares vulnerables<\/strong> a nivel econ\u00f3mico y social en los casos ya previstos por la normativa actual.<\/p>\n\n\n\n<p>El <strong>Real Decreto-ley 21\/2021 de 26 de octubre<\/strong> establece la <strong>pr\u00f3rroga hasta el 28 de febrero de 2022<\/strong> de las medidas de protecci\u00f3n social ya contempladas en los reales decretos que regulan los contratos de vivienda y desahucios.&nbsp;<\/p>\n\n\n\n<p>A trav\u00e9s de la acci\u00f3n coordinada de los \u00f3rganos judiciales y de los servicios sociales competentes, se pretende proteger a los <strong>hogares vulnerables<\/strong> que se encuentren en riesgo de perder su <strong>vivienda habitual<\/strong>.<\/p>\n\n\n\n<p>Para poder parar los procedimientos de lanzamiento de la vivienda, estos no deben derivarse de contratos de arrendamiento, prestando especial atenci\u00f3n a aquellos hogares donde existan <strong>personas dependientes, v\u00edctimas de violencia machista o personas con menores de edad a su cargo<\/strong>.<\/p>\n\n\n\n<h2 class=\"wp-block-heading\">Real Decreto<\/h2>\n\n\n\n<p>El <strong>Real Decreto<\/strong> recoge la posibilidad de que un juez pueda suspender un <strong>desahucio<\/strong> siempre que los propietarios de la vivienda sean personas f\u00edsicas o jur\u00eddicas titulares de m\u00e1s de diez viviendas. Asimismo, ser\u00e1n los servicios sociales competentes quienes identifiquen y analicen la <strong>situaci\u00f3n de vulnerabilidad<\/strong> econ\u00f3mica de cada caso concreto, y propongan las medidas a aplicar para resolver dicha situaci\u00f3n.&nbsp;<\/p>\n\n\n\n<p>Por otro lado, el <strong>Real Decreto<\/strong> tambi\u00e9n contempla la ampliaci\u00f3n de los plazos para solicitar la moratoria o condonaci\u00f3n parcial del alquiler cuando el arrendador sea un gran tenedor o una empresa o entidad p\u00fablica, por lo que la medida no afecta a los peque\u00f1os propietarios.&nbsp;<\/p>\n\n\n\n<p>Tambi\u00e9n quedan ampliados los contratos de arrendamiento de vivienda que puedan acogerse a la pr\u00f3rroga extraordinaria de seis meses cuando no se haya acordado algo distinto con el propietario del inmueble.\u00a0<\/p>\n\n\n\n<p>Por \u00faltimo, tambi\u00e9n se ampl\u00eda el plazo durante el cual los arrendadores y titulares de la vivienda afectados por la suspensi\u00f3n extraordinaria prevista en el RD-ley 11\/2020 puedan solicitar la compensaci\u00f3n recogida en el paquete de medidas urgentes para hacer frente a las <strong>situaciones de vulnerabilidad social y econ\u00f3mica<\/strong> en el \u00e1mbito de la vivienda y en materia de transportes del RD-ley 37\/2020.<\/p>\n","protected":false},"excerpt":{"rendered":"<p>El gobierno espa\u00f1ol aprob\u00f3 una serie de medidas legales mediante decreto ley con la finalidad de ampliar la suspensi\u00f3n de desahucios para hogares vulnerables a nivel econ\u00f3mico y social en los casos ya previstos por la normativa actual. El Real Decreto-ley 21\/2021 de 26 de octubre establece la pr\u00f3rroga hasta el 28 de febrero de &#8230; <a title=\"El Gobierno ampl\u00eda la suspensi\u00f3n de desahucios para personas vulnerables hasta el 28 de febrero de 2022\" class=\"read-more\" href=\"https:\/\/porcel.legal\/es\/blog\/desahucios-personas-vulnerable\/\" aria-label=\"Leer m\u00e1s sobre El Gobierno ampl\u00eda la suspensi\u00f3n de desahucios para personas vulnerables hasta el 28 de febrero de 2022\">Leer m\u00e1s<\/a><\/p>\n","protected":false},"author":1,"featured_media":7569,"comment_status":"closed","ping_status":"closed","sticky":false,"template":"","format":"standard","meta":{"inline_featured_image":false,"footnotes":""},"categories":[],"tags":[],"class_list":["post-7567","post","type-post","status-publish","format-standard","has-post-thumbnail","hentry"],"_links":{"self":[{"href":"https:\/\/porcel.legal\/es\/wp-json\/wp\/v2\/posts\/7567","targetHints":{"allow":["GET"]}}],"collection":[{"href":"https:\/\/porcel.legal\/es\/wp-json\/wp\/v2\/posts"}],"about":[{"href":"https:\/\/porcel.legal\/es\/wp-json\/wp\/v2\/types\/post"}],"author":[{"embeddable":true,"href":"https:\/\/porcel.legal\/es\/wp-json\/wp\/v2\/users\/1"}],"replies":[{"embeddable":true,"href":"https:\/\/porcel.legal\/es\/wp-json\/wp\/v2\/comments?post=7567"}],"version-history":[{"count":1,"href":"https:\/\/porcel.legal\/es\/wp-json\/wp\/v2\/posts\/7567\/revisions"}],"predecessor-version":[{"id":14400,"href":"https:\/\/porcel.legal\/es\/wp-json\/wp\/v2\/posts\/7567\/revisions\/14400"}],"wp:featuredmedia":[{"embeddable":true,"href":"https:\/\/porcel.legal\/es\/wp-json\/wp\/v2\/media\/7569"}],"wp:attachment":[{"href":"https:\/\/porcel.legal\/es\/wp-json\/wp\/v2\/media?parent=7567"}],"wp:term":[{"taxonomy":"category","embeddable":true,"href":"https:\/\/porcel.legal\/es\/wp-json\/wp\/v2\/categories?post=7567"},{"taxonomy":"post_tag","embeddable":true,"href":"https:\/\/porcel.legal\/es\/wp-json\/wp\/v2\/tags?post=7567"}],"curies":[{"name":"wp","href":"https:\/\/api.w.org\/{rel}","templated":true}]}}