{"id":7181,"date":"2021-09-28T16:05:50","date_gmt":"2021-09-28T14:05:50","guid":{"rendered":"http:\/\/staminawebs.com\/wordpress\/quien-cubre-los-danos-por-riesgos-volcanicos\/"},"modified":"2024-07-03T16:21:44","modified_gmt":"2024-07-03T14:21:44","slug":"quien-cubre-los-danos-por-riesgos-volcanicos","status":"publish","type":"post","link":"https:\/\/porcel.legal\/es\/blog\/quien-cubre-los-danos-por-riesgos-volcanicos\/","title":{"rendered":"\u00bfQui\u00e9n cubre los da\u00f1os por riesgos volc\u00e1nicos?"},"content":{"rendered":"\n<p>La sorpresiva erupci\u00f3n del <strong>volc\u00e1n Cumbre Vieja<\/strong> est\u00e1 haciendo estragos entre la <strong>poblaci\u00f3n de La Palma <\/strong>(islas Canarias,) y muchos han tenido que observar como sus viviendas y pertenencias desaparecen de un momento a otro y sin que puedan hacer nada al respecto.<\/p>\n\n\n\n<p>Sin duda, la p\u00e9rdida de los bienes es un <strong>golpe emocional<\/strong> muy duro, pero tambi\u00e9n lo es desde<strong> la perspectiva econ\u00f3mica<\/strong>.&nbsp;<\/p>\n\n\n\n<p>Es que muchas familias deber\u00e1n empezar nuevamente de cero y, l\u00f3gicamente, la incertidumbre es muy grande en todo este caos.La pregunta sobre si <strong>los da\u00f1os son cubiertos por riesgos volc\u00e1nicos<\/strong>, sin duda ha crecido exponencialmente en los \u00faltimos d\u00edas, por lo que aqu\u00ed te contaremos qu\u00e9 es lo que puedes hacer si eres uno de los afectados por un caso de esta \u00edndole.<\/p>\n\n\n\n<h2 class=\"wp-block-heading\">Real Decreto 300\/2004 y el Consorcio de Compensaci\u00f3n de Seguro (CCS)<\/h2>\n\n\n\n<p>El <strong>Real Decreto 300\/2004<\/strong>, del 20 de febrero, incluy\u00f3 el Reglamento del Seguro de Riesgos Extraordinarios, en donde <strong>se contempla a las erupciones volc\u00e1nicas<\/strong>, cubierto por el Consorcio de Compensaci\u00f3n de Seguro (CCS).<\/p>\n\n\n\n<p>Esta entidad p\u00fablica fue creada en 1941, para dar respuesta a las p\u00e9rdidas originadas por la Guerra Civil Espa\u00f1ola (1936-1939) y supone la m\u00e1xima expresi\u00f3n de la <strong>mutualizaci\u00f3n de riesgos catastr\u00f3ficos<\/strong>.<\/p>\n\n\n\n<p>A lo largo de su historia, el CCS ha dado respuesta a<strong> grandes incendios<\/strong> (el de Ferrol en 1944 por ejemplo), <strong>terremotos<\/strong>, como el de Lorca en 2011, y <strong>atentados terroristas <\/strong>(Barcelona 2017).&nbsp;<\/p>\n\n\n\n<p>El <strong>CCS<\/strong> funciona a trav\u00e9s de un <strong>fondo com\u00fan solidario nutrido<\/strong>, creado por recargos de aplicaci\u00f3n obligatoria a muchas de las p\u00f3lizas de seguro que se pagan en Espa\u00f1a.&nbsp;<\/p>\n\n\n\n<p>L\u00f3gicamente, los da\u00f1os causados por la <strong>erupci\u00f3n del volc\u00e1n Cumbe Vieja en La Palma<\/strong>, ser\u00e1n atendidos por el CCS, incluyendo los incendios forestales.<\/p>\n\n\n\n<h2 class=\"wp-block-heading\">\u00bfQu\u00e9 cubre el Consorcio de Compensaci\u00f3n de Seguro (CCS)?<\/h2>\n\n\n\n<p>La legislaci\u00f3n establece que el <strong>Consorcio de Compensaci\u00f3n de Seguro o<\/strong> CCS, debe cubrir de forma autom\u00e1tica todos los da\u00f1os causados por algunos desastres naturales, como inundaciones extraordinarias, terremotos, maremotos y, por supuestos,<strong> erupciones volc\u00e1nicas<\/strong>.&nbsp;<\/p>\n\n\n\n<p>En el caso espec\u00edfico de los <strong>riesgos volc\u00e1nicos<\/strong>, es preciso se\u00f1alar que, para obtener la indemnizaci\u00f3n, el Instituto Geogr\u00e1fico Nacional (IGN) debe <strong>emitir antes una certificaci\u00f3n<\/strong>.<\/p>\n\n\n\n<h2 class=\"wp-block-heading\">\u00bfC\u00f3mo solicitar la certificaci\u00f3n para la indemnizaci\u00f3n por riesgos volc\u00e1nicos?<\/h2>\n\n\n\n<p>Para pedir la<strong> indemnizaci\u00f3n por riesgos volc\u00e1nicos, <\/strong>es necesario acreditar que se han producido <strong>da\u00f1os en la vivienda.<\/strong><\/p>\n\n\n\n<p>El asegurado, deber\u00e1 acceder a su domicilio para hacer un listado con las <strong>p\u00e9rdidas materiales<\/strong> sufridas y recopilar las <strong>facturas de los gastos<\/strong> por no poder estar en su casa.<\/p>\n\n\n\n<p>Tambi\u00e9n es obligatorio recopilar los <strong>datos de la p\u00f3liza<\/strong> (de ambas partes) y establecer una cuenta bancaria en donde se pueda recibir la correspondiente reparaci\u00f3n. La presentaci\u00f3n puede hacerse por tel\u00e9fono <strong>(91 339 55 00)<\/strong> o a trav\u00e9s de esta <a href=\"https:\/\/www.ign.es\/web\/ign\/portal\" rel=\"nofollow noopener\" target=\"_blank\">p\u00e1gina web<\/a>.<\/p>\n\n\n\n<p>Des de Porcel Advocats queremos hacer llegar nuestro \u00e1nimo y mejores deseos para Islas Canarias.<\/p>\n","protected":false},"excerpt":{"rendered":"<p>La sorpresiva erupci\u00f3n del volc\u00e1n Cumbre Vieja est\u00e1 haciendo estragos entre la poblaci\u00f3n de La Palma (islas Canarias,) y muchos han tenido que observar como sus viviendas y pertenencias desaparecen de un momento a otro y sin que puedan hacer nada al respecto. Sin duda, la p\u00e9rdida de los bienes es un golpe emocional muy &#8230; <a title=\"\u00bfQui\u00e9n cubre los da\u00f1os por riesgos volc\u00e1nicos?\" class=\"read-more\" href=\"https:\/\/porcel.legal\/es\/blog\/quien-cubre-los-danos-por-riesgos-volcanicos\/\" aria-label=\"Leer m\u00e1s sobre \u00bfQui\u00e9n cubre los da\u00f1os por riesgos volc\u00e1nicos?\">Leer m\u00e1s<\/a><\/p>\n","protected":false},"author":1,"featured_media":7176,"comment_status":"closed","ping_status":"closed","sticky":false,"template":"","format":"standard","meta":{"inline_featured_image":false,"footnotes":""},"categories":[144,52,87],"tags":[],"class_list":["post-7181","post","type-post","status-publish","format-standard","has-post-thumbnail","hentry","category-actualidad-2","category-danos","category-danos-es"],"_links":{"self":[{"href":"https:\/\/porcel.legal\/es\/wp-json\/wp\/v2\/posts\/7181","targetHints":{"allow":["GET"]}}],"collection":[{"href":"https:\/\/porcel.legal\/es\/wp-json\/wp\/v2\/posts"}],"about":[{"href":"https:\/\/porcel.legal\/es\/wp-json\/wp\/v2\/types\/post"}],"author":[{"embeddable":true,"href":"https:\/\/porcel.legal\/es\/wp-json\/wp\/v2\/users\/1"}],"replies":[{"embeddable":true,"href":"https:\/\/porcel.legal\/es\/wp-json\/wp\/v2\/comments?post=7181"}],"version-history":[{"count":1,"href":"https:\/\/porcel.legal\/es\/wp-json\/wp\/v2\/posts\/7181\/revisions"}],"predecessor-version":[{"id":14384,"href":"https:\/\/porcel.legal\/es\/wp-json\/wp\/v2\/posts\/7181\/revisions\/14384"}],"wp:featuredmedia":[{"embeddable":true,"href":"https:\/\/porcel.legal\/es\/wp-json\/wp\/v2\/media\/7176"}],"wp:attachment":[{"href":"https:\/\/porcel.legal\/es\/wp-json\/wp\/v2\/media?parent=7181"}],"wp:term":[{"taxonomy":"category","embeddable":true,"href":"https:\/\/porcel.legal\/es\/wp-json\/wp\/v2\/categories?post=7181"},{"taxonomy":"post_tag","embeddable":true,"href":"https:\/\/porcel.legal\/es\/wp-json\/wp\/v2\/tags?post=7181"}],"curies":[{"name":"wp","href":"https:\/\/api.w.org\/{rel}","templated":true}]}}