{"id":11849,"date":"2024-03-15T13:39:51","date_gmt":"2024-03-15T12:39:51","guid":{"rendered":"http:\/\/staminawebs.com\/wordpress\/descifrando-el-indice-de-referencia-de-precios-de-alquiler-guia-esencial-para-propietarios-e-inquilinos\/"},"modified":"2025-06-30T17:09:33","modified_gmt":"2025-06-30T15:09:33","slug":"descifrando-el-indice-de-referencia-de-precios-de-alquiler-guia-esencial-para-propietarios-e-inquilinos","status":"publish","type":"post","link":"https:\/\/porcel.legal\/es\/blog\/descifrando-el-indice-de-referencia-de-precios-de-alquiler-guia-esencial-para-propietarios-e-inquilinos\/","title":{"rendered":"Descifrando el \u00cdndice de Referencia de Precios de Alquiler: Gu\u00eda Esencial para Propietarios e Inquilinos"},"content":{"rendered":"\n<p class=\"div style='text-align:justify\u2019\">En el din\u00e1mico mercado inmobiliario actual, el conocimiento es poder. Por lo tanto, es crucial comprender a fondo el \u00cdndice de Referencia de Precios de Alquiler (IRL) para propietarios e inquilinos en Catalu\u00f1a. Este indicador, definido por la p\u00e1gina oficial de la Ag\u00e8ncia de l&#8217;Habitatge de Catalunya, no solo ofrece una estimaci\u00f3n del precio medio del metro cuadrado de alquiler, sino que tambi\u00e9n marca l\u00edmites cruciales para la fijaci\u00f3n de rentas de alquiler en zonas de mercado residencial tensionado.<\/p>\n\n\n\n<h3 class=\"wp-block-heading\">\u00bfQu\u00e9 es el \u00cdndice de Referencia de Precios de Alquiler (IRL)?<\/h3>\n\n\n\n<p>El IRL es un indicador de consulta p\u00fablica que proporciona una estimaci\u00f3n del precio medio del metro cuadrado de alquiler de una vivienda, teniendo en cuenta la ubicaci\u00f3n y las caracter\u00edsticas espec\u00edficas del inmueble. Esta herramienta no solo informa sobre el precio medio, sino que tambi\u00e9n ofrece orientaci\u00f3n sobre los l\u00edmites de precio m\u00ednimo y m\u00e1ximo que puede tener una vivienda determinada.<\/p>\n\n\n\n<h3 class=\"wp-block-heading\">Importancia del IRL para Propietarios<\/h3>\n\n\n\n<p>Para los propietarios de viviendas en zonas consideradas de mercado residencial tensionado, el IRL marca un l\u00edmite cr\u00edtico para la fijaci\u00f3n de rentas de alquiler. Seg\u00fan la Ley 12\/2023, el IRL determina los precios m\u00e1ximos que pueden ser establecidos en nuevos contratos de alquiler. Esta regulaci\u00f3n se aplica no solo a los propietarios individuales, sino tambi\u00e9n a los considerados \u00abgrandes tenedores\u00bb o \u00abgrandes propietarios\u00bb. Ante estas regulaciones y dudas legales, es recomendable contar con un <a class=\"\" href=\"https:\/\/porcel.legal\/es\/abogado-inmobiliario-girona\/\">abogado inmobiliario en Girona<\/a> que asesore en la redacci\u00f3n de contratos y obligaciones en materia de alquiler.<\/p>\n\n\n\n<h3 class=\"wp-block-heading\">El Concepto de \u00abGran Tenedor\u00bb<\/h3>\n\n\n\n<p>Es esencial comprender qu\u00e9 significa ser un \u00abgran tenedor\u00bb en t\u00e9rminos legales. Seg\u00fan la ley, una persona f\u00edsica o jur\u00eddica se considera un \u00abgran tenedor\u00bb si es titular de m\u00e1s de diez inmuebles urbanos de uso residencial o si posee una superficie construida de m\u00e1s de 1500 m2 destinados a uso residencial, siempre que estos inmuebles no incluyan garajes ni trasteros.<\/p>\n\n\n\n<h3 class=\"wp-block-heading\">Acceso al \u00cdndice de Precios de Alquiler<\/h3>\n\n\n\n<p>Para aquellos interesados en consultar el IRL, los siguientes enlaces ofrecen acceso a este importante indicador:<\/p>\n\n\n\n<ul class=\"wp-block-list\">\n<li>Estado Espa\u00f1ol:<a href=\"https:\/\/www.mivau.gob.es\/\" rel=\"nofollow noopener\" target=\"_blank\"> Ministerio de Vivienda y Agenda Urbana<\/a><\/li>\n\n\n\n<li>Catalu\u00f1a:<a href=\"https:\/\/www.gencat.cat\/\" rel=\"nofollow noopener\" target=\"_blank\"> Ag\u00e8ncia de l&#8217;Habitatge de Catalunya<\/a><\/li>\n<\/ul>\n\n\n\n<h3 class=\"wp-block-heading\">Conclusi\u00f3n<\/h3>\n\n\n\n<p>En un mercado inmobiliario en constante evoluci\u00f3n, el entendimiento y la aplicaci\u00f3n adecuada del \u00cdndice de Referencia de Precios de Alquiler son esenciales para propietarios e inquilinos. Esta herramienta proporciona una gu\u00eda valiosa para la fijaci\u00f3n de rentas de alquiler, asegurando una relaci\u00f3n equitativa entre las partes interesadas y contribuyendo a la estabilidad del sector inmobiliario en Catalu\u00f1a.<\/p>\n\n\n\n<p class=\"has-contrast-color has-primary-background-color has-text-color has-background has-link-color has-small-font-size wp-elements-6963572d8cc6c5d19d546e57499e3110\"><em>El presente art\u00edculo contiene informaci\u00f3n orientativa sobre el asunto desde una visi\u00f3n period\u00edstica e investigativa. En ning\u00fan caso implica un asesoramiento personalizado de Porcel Abogados ni sustituye el consejo personalizado para su caso. Porcel Abogados declina el uso que haga el lector de la presente informaci\u00f3n sin recibir el oportuno asesoramiento personalizado. Recuerde que en caso de duda o si necesita asesoramiento legal puede solicitar una cita con nuestro equipo jur\u00eddico aqu\u00ed: https:\/\/porcel.legal\/es\/e-porcel\/&nbsp;<\/em><\/p>\n","protected":false},"excerpt":{"rendered":"<p>En el din\u00e1mico mercado inmobiliario actual, el conocimiento es poder. Por lo tanto, es crucial comprender a fondo el \u00cdndice de Referencia de Precios de Alquiler (IRL) para propietarios e inquilinos en Catalu\u00f1a. Este indicador, definido por la p\u00e1gina oficial de la Ag\u00e8ncia de l&#8217;Habitatge de Catalunya, no solo ofrece una estimaci\u00f3n del precio medio &#8230; <a title=\"Descifrando el \u00cdndice de Referencia de Precios de Alquiler: Gu\u00eda Esencial para Propietarios e Inquilinos\" class=\"read-more\" href=\"https:\/\/porcel.legal\/es\/blog\/descifrando-el-indice-de-referencia-de-precios-de-alquiler-guia-esencial-para-propietarios-e-inquilinos\/\" aria-label=\"Leer m\u00e1s sobre Descifrando el \u00cdndice de Referencia de Precios de Alquiler: Gu\u00eda Esencial para Propietarios e Inquilinos\">Leer m\u00e1s<\/a><\/p>\n","protected":false},"author":1,"featured_media":11840,"comment_status":"closed","ping_status":"closed","sticky":false,"template":"","format":"standard","meta":{"inline_featured_image":false,"footnotes":""},"categories":[144,130],"tags":[],"class_list":["post-11849","post","type-post","status-publish","format-standard","has-post-thumbnail","hentry","category-actualidad-2","category-actualitat-es"],"_links":{"self":[{"href":"https:\/\/porcel.legal\/es\/wp-json\/wp\/v2\/posts\/11849","targetHints":{"allow":["GET"]}}],"collection":[{"href":"https:\/\/porcel.legal\/es\/wp-json\/wp\/v2\/posts"}],"about":[{"href":"https:\/\/porcel.legal\/es\/wp-json\/wp\/v2\/types\/post"}],"author":[{"embeddable":true,"href":"https:\/\/porcel.legal\/es\/wp-json\/wp\/v2\/users\/1"}],"replies":[{"embeddable":true,"href":"https:\/\/porcel.legal\/es\/wp-json\/wp\/v2\/comments?post=11849"}],"version-history":[{"count":3,"href":"https:\/\/porcel.legal\/es\/wp-json\/wp\/v2\/posts\/11849\/revisions"}],"predecessor-version":[{"id":16530,"href":"https:\/\/porcel.legal\/es\/wp-json\/wp\/v2\/posts\/11849\/revisions\/16530"}],"wp:featuredmedia":[{"embeddable":true,"href":"https:\/\/porcel.legal\/es\/wp-json\/wp\/v2\/media\/11840"}],"wp:attachment":[{"href":"https:\/\/porcel.legal\/es\/wp-json\/wp\/v2\/media?parent=11849"}],"wp:term":[{"taxonomy":"category","embeddable":true,"href":"https:\/\/porcel.legal\/es\/wp-json\/wp\/v2\/categories?post=11849"},{"taxonomy":"post_tag","embeddable":true,"href":"https:\/\/porcel.legal\/es\/wp-json\/wp\/v2\/tags?post=11849"}],"curies":[{"name":"wp","href":"https:\/\/api.w.org\/{rel}","templated":true}]}}